{"id":10459,"date":"2019-05-07T16:01:03","date_gmt":"2019-05-07T14:01:03","guid":{"rendered":"https:\/\/tcsantacroce.com\/?p=10459"},"modified":"2019-05-16T17:36:32","modified_gmt":"2019-05-16T15:36:32","slug":"internazionali-juniores-santa-croce-sullarno-allalba-di-una-nuova-era","status":"publish","type":"post","link":"https:\/\/tcsantacroce.com\/en\/internazionali-juniores-santa-croce-sullarno-allalba-di-una-nuova-era\/","title":{"rendered":"INTERNAZIONALI JUNIORES SANTA CROCE SULL\u2019ARNO ALL\u2019ALBA DI UNA NUOVA ERA\u2026"},"content":{"rendered":"<p>[vc_row bg_color=&#8221;&#8221;][vc_column width=&#8221;1\/1&#8243;][vc_column_text]<\/p>\n<h3><em>La prima edizione totalmente popolata da tennisti millenials vede al via 41 nazioni<\/em><\/h3>\n<h3><em>\u00a0e un top-ten, il cinese Bu Yunchaokete. Melania Delai e Francesco Passaro speranze azzurre<\/em><\/h3>\n<p>E\u2019 giunta l\u2019alba di una nuova era per il <strong>Torneo ITF giovanile \u201cCitt\u00e0 di Santa Croce\u201d Mauro Sabatini<\/strong>, organizzato dal <strong>Tennis Club Santa Croce sull\u2019Arno<\/strong> (Pisa) e in programma dal 13 al 18 maggio. Archiviata la simbolica quarantesima edizione e tutti i festeggiamenti annessi e connessi, il torneo internazionale Juniores pi\u00f9 importante d\u2019Italia dietro al Bonfiglio, unico Grado 1 ospitato nella nostra Penisola, entra nella quinta decade della sua esistenza. E\u2019 un passo importante verso il futuro, verso un rinnovamento a cui il torneo aspira.<\/p>\n<p>Nessuno dimenticher\u00e0 mai la tradizione ed i numeri della rassegna fortemente voluta da Mauro Sabatini, i diciassette futuri vincitori di una prova del Grande Slam e i dodici futuri numeri 1 al mondo (<strong>Martina Hingis, Thomas Muster, Kim Cljisters, Gustavo Kuerten, Andy Murray <\/strong>solo per citarne alcuni) che sono passati da Santa Croce. Ma per i giovani appassionati, che difficilmente ricorderanno questi campioni, i nuovi idoli si chiamano<strong> Stefanos Tsitsipas, Denis Shapovalov, Daria Kasatkina, Belinda Bencic, Alex De Minaur,<\/strong> tutti recentemente apparsi sui campi di Santa Croce e balzati in pochissimi anni tra le eccellenze del tennis mondiale, conosciuti universalmente come \u201cnext-gen\u201d, destinati negli anni a venire a prendere il posto dei vari Federer e Nadal. E a testimonianza del rinnovamento ormai avvenuto, la quarantunesima edizione del \u201cCitt\u00e0 di Santa Croce\u201d sar\u00e0 la prima composta unicamente da \u201cmillennials\u201d, ovvero tennisti nati a partire dal 2001.<\/p>\n<p>&nbsp;<\/p>\n<p><strong>L\u2019entry list dell\u2019edizione 2019 &#8211;<\/strong> Saranno quarantuno le Nazioni rappresentate nell\u2019edizione di quest\u2019anno, un autentico giro del mondo a toccare tutti e cinque i continenti e realt\u00e0 tennistiche emergenti, se non sconosciute: basti pensare all\u2019ivoriano <strong>Eliakim Koulibaly<\/strong>, alla burundese <strong>Sada Nahimana<\/strong> e addirittura alla tennista delle Isole Marianne Settentrionali (quattordici atolli sperduti tra Hawaii e Filippine) <strong>Carol Young Suh Lee<\/strong>. Ci sar\u00e0 un top ten delle classifiche mondiali under 18, il cinese <strong>Bu Yunchaokete<\/strong> (numero 8 al mondo), gi\u00e0 vincitore nel 2018 del Grado A di Osaka (il torneo pi\u00f9 importante al mondo assieme ai quattro Slam). Il forte asiatico sar\u00e0 seguito dallo statunitense <strong>Eliot Spizzirri<\/strong>, che tenter\u00e0 di bissare il successo firmato lo scorso anno da <strong>Cannon Kingsley,<\/strong> primo atleta yankee della storia a trionfare al Cerri. Tra le donne il livello cala solo leggermente, e tra le nove top-40 al via l\u2019interesse sar\u00e0 soprattutto rivolto alla statunitense <strong>Hurricane Tyra Black<\/strong> (numero 13 al mondo), prima testa di serie e favorita del tabellone di singolare femminile.<\/p>\n<p>&nbsp;<\/p>\n<p><strong>Le speranze azzurre \u2013<\/strong> L\u2019Italia, che quest\u2019anno sta vivendo una stagione di grazia con il boom di tanti tennisti e l\u2019exploit a Montecarlo di <strong>Fabio Fognini<\/strong> e vanta il numero 1 delle classifiche mondiali Under 18 <strong>Lorenzo Musetti<\/strong> (il quale non sar\u00e0 di scena a Santa Croce) difficilmente potr\u00e0 giocare un ruolo da protagonista assoluta, ma tenter\u00e0 di sparigliare le carte ai favoriti. In attesa di conoscere le wild card assegnate dall\u2019organizzazione e dalla Federazione Italiana Tennis, per il momento gli azzurrini certi di far parte dei tabelloni principali sono nove: <strong>Francesco Passaro, Flavio Cobolli, Luciano Darderi, Luca Nardi, Fausto Tabacco, Melania Delai, Federica Rossi, Sara Ziodato e Alice Amendola.<\/strong><\/p>\n<p><strong>Le dichiarazioni \u2013<\/strong> \u201c<em>La sala consiliare della nostra citt\u00e0 \u00e8 il luogo simbolo ideale per presentare questa manifestazione legata fortemente al nostro territorio<\/em> \u2013 ha dichiarato in occasione della conferenza stampa di presentazione il sindaco di Santa Croce sull\u2019Arno <strong>Giulia Deidda<\/strong> -. Sono estremamente <em>orgogliosa del percorso effettuato dagli organizzatori in questi anni, percorso che valorizza dal punto di vista sportivo, turistico e sociale la citt\u00e0 di Santa Croce.<\/em><\/p>\n<p><strong>\u201c<\/strong><em>L\u2019impegno profuso dallo staff santacrocese merita un grandissimo plauso<\/em><strong> \u2013 <\/strong>le fa eco il presidente del comitato regionale della Federazione Italiana Tennis <strong>Luigi Brunetti -. <\/strong><em>Assieme a Firenze e Prato, Santa Croce rappresenta l\u2019eccellenza del tennis giovanile mondiale: ognuna di queste realt\u00e0 porta con s\u00e9 lo spirito che meglio la rappresenta, nel caso della cittadina pisana emergono distintamente la passione e la genuinit\u00e0 propri di Mauro Sabatini, che ha creato questo torneo e che ci manca da dieci anni.\u201d<\/em><\/p>\n<p><strong>Il programma completo &#8211;<\/strong> L\u2019edizione 2019 del torneo internazionale juniores di Santa Croce \u2013 sponsorizzato <strong>N.B.S. Morena Pelli Group, Tuscania Industria Conciaria, Morellino,<\/strong> <strong>Blu Mar, Centralkimica, Klf Tecnokimica, Informale, Les Cuirs Fournier, 4F GROUP, BCN Concerie <\/strong>\u2013 aprir\u00e0 i battenti con la novit\u00e0 delle pre-qualificazioni, un mini-torneo dedicato ai migliori 2002 e le migliori 2003 italiane che metter\u00e0 a disposizione quattro wild cards. Poi come da tradizione sabato 11 maggio partiranno le qualificazioni, luned\u00ec 13 i tabelloni principali di singolare e di doppio, fino alle finali di sabato 18 Maggio, trasmesse anche su Supertennis (canale 224 della piattaforma Sky e 64 del digitale terrestre).<\/p>\n<p>Accanto al Tennis Club Santa Croce altri circoli del territorio si uniranno alla rassegna: alcuni incontri delle qualificazioni e dei primi turni del tabellone principale infatti si disputeranno sui campi del Ct Pontedera, mentre i campi del Ct Villanova Empoli e del Ct Fornacette verranno utilizzati per gli allenamenti. L\u2019ingresso \u00e8 libero per tutta la durata della manifestazione.[\/vc_column_text]<div class=\"ish-sc-element ish-sc_gallery ish-ratio-square ish-open-popup ish-nav-color1 ish-prevnext-color3 ish-nav-left\"><div class=\"ish-row\"><div class=\"ish-gallery-image ish-grid2\" style=\"background-image: url('https:\/\/tcsantacroce.com\/wp-content\/uploads\/2019\/05\/Hurricane-Tyra-Black.jpg');  border-width: 5px;\"><a href=\"https:\/\/tcsantacroce.com\/wp-content\/uploads\/2019\/05\/Hurricane-Tyra-Black.jpg\" title=\"\" rel=\"ish-gallery-1\" class=\"openfancybox-image\"><img loading=\"lazy\" decoding=\"async\" width=\"750\" height=\"494\" src=\"https:\/\/tcsantacroce.com\/wp-content\/uploads\/2019\/05\/Hurricane-Tyra-Black.jpg\" class=\"attachment-full size-full\" alt=\"\" srcset=\"https:\/\/tcsantacroce.com\/wp-content\/uploads\/2019\/05\/Hurricane-Tyra-Black.jpg 750w, https:\/\/tcsantacroce.com\/wp-content\/uploads\/2019\/05\/Hurricane-Tyra-Black-300x198.jpg 300w, https:\/\/tcsantacroce.com\/wp-content\/uploads\/2019\/05\/Hurricane-Tyra-Black-571x376.jpg 571w, https:\/\/tcsantacroce.com\/wp-content\/uploads\/2019\/05\/Hurricane-Tyra-Black-371x244.jpg 371w, https:\/\/tcsantacroce.com\/wp-content\/uploads\/2019\/05\/Hurricane-Tyra-Black-271x178.jpg 271w, https:\/\/tcsantacroce.com\/wp-content\/uploads\/2019\/05\/Hurricane-Tyra-Black-500x329.jpg 500w\" sizes=\"auto, (max-width: 750px) 100vw, 750px\" \/><\/a><\/div><div class=\"ish-gallery-image ish-grid2\" style=\"background-image: url('https:\/\/tcsantacroce.com\/wp-content\/uploads\/2019\/05\/presentazione-ufficiale.jpg');  border-width: 5px;\"><a href=\"https:\/\/tcsantacroce.com\/wp-content\/uploads\/2019\/05\/presentazione-ufficiale-1170x780.jpg\" title=\"\" rel=\"ish-gallery-1\" class=\"openfancybox-image\"><img loading=\"lazy\" decoding=\"async\" width=\"1200\" height=\"800\" src=\"https:\/\/tcsantacroce.com\/wp-content\/uploads\/2019\/05\/presentazione-ufficiale.jpg\" class=\"attachment-full size-full\" alt=\"\" srcset=\"https:\/\/tcsantacroce.com\/wp-content\/uploads\/2019\/05\/presentazione-ufficiale.jpg 1200w, https:\/\/tcsantacroce.com\/wp-content\/uploads\/2019\/05\/presentazione-ufficiale-300x200.jpg 300w, https:\/\/tcsantacroce.com\/wp-content\/uploads\/2019\/05\/presentazione-ufficiale-768x512.jpg 768w, https:\/\/tcsantacroce.com\/wp-content\/uploads\/2019\/05\/presentazione-ufficiale-1024x683.jpg 1024w, https:\/\/tcsantacroce.com\/wp-content\/uploads\/2019\/05\/presentazione-ufficiale-1170x780.jpg 1170w, https:\/\/tcsantacroce.com\/wp-content\/uploads\/2019\/05\/presentazione-ufficiale-571x381.jpg 571w, https:\/\/tcsantacroce.com\/wp-content\/uploads\/2019\/05\/presentazione-ufficiale-371x247.jpg 371w, https:\/\/tcsantacroce.com\/wp-content\/uploads\/2019\/05\/presentazione-ufficiale-271x181.jpg 271w, https:\/\/tcsantacroce.com\/wp-content\/uploads\/2019\/05\/presentazione-ufficiale-500x333.jpg 500w\" sizes=\"auto, (max-width: 1200px) 100vw, 1200px\" \/><\/a><\/div><\/div><\/div>[\/vc_column][\/vc_row]<\/p>\n","protected":false},"excerpt":{"rendered":"<p>[vc_row bg_color=&#8221;&#8221;][vc_column width=&#8221;1\/1&#8243;][vc_column_text] La prima edizione totalmente popolata da tennisti millenials vede al via 41 nazioni \u00a0e un top-ten, il cinese Bu Yunchaokete. Melania Delai e Francesco Passaro speranze azzurre E\u2019 giunta l\u2019alba di una nuova era per il Torneo ITF giovanile \u201cCitt\u00e0 di Santa Croce\u201d Mauro Sabatini, organizzato dal Tennis Club Santa Croce sull\u2019Arno [&hellip;]<\/p>\n","protected":false},"author":1,"featured_media":10461,"comment_status":"closed","ping_status":"open","sticky":false,"template":"","format":"image","meta":{"footnotes":""},"categories":[106,77],"tags":[],"class_list":["post-10459","post","type-post","status-publish","format-image","has-post-thumbnail","hentry","category-itf-under-18-2019-en","category-news-en","post_format-post-format-image"],"_links":{"self":[{"href":"https:\/\/tcsantacroce.com\/en\/wp-json\/wp\/v2\/posts\/10459","targetHints":{"allow":["GET"]}}],"collection":[{"href":"https:\/\/tcsantacroce.com\/en\/wp-json\/wp\/v2\/posts"}],"about":[{"href":"https:\/\/tcsantacroce.com\/en\/wp-json\/wp\/v2\/types\/post"}],"author":[{"embeddable":true,"href":"https:\/\/tcsantacroce.com\/en\/wp-json\/wp\/v2\/users\/1"}],"replies":[{"embeddable":true,"href":"https:\/\/tcsantacroce.com\/en\/wp-json\/wp\/v2\/comments?post=10459"}],"version-history":[{"count":1,"href":"https:\/\/tcsantacroce.com\/en\/wp-json\/wp\/v2\/posts\/10459\/revisions"}],"predecessor-version":[{"id":10463,"href":"https:\/\/tcsantacroce.com\/en\/wp-json\/wp\/v2\/posts\/10459\/revisions\/10463"}],"wp:featuredmedia":[{"embeddable":true,"href":"https:\/\/tcsantacroce.com\/en\/wp-json\/wp\/v2\/media\/10461"}],"wp:attachment":[{"href":"https:\/\/tcsantacroce.com\/en\/wp-json\/wp\/v2\/media?parent=10459"}],"wp:term":[{"taxonomy":"category","embeddable":true,"href":"https:\/\/tcsantacroce.com\/en\/wp-json\/wp\/v2\/categories?post=10459"},{"taxonomy":"post_tag","embeddable":true,"href":"https:\/\/tcsantacroce.com\/en\/wp-json\/wp\/v2\/tags?post=10459"}],"curies":[{"name":"wp","href":"https:\/\/api.w.org\/{rel}","templated":true}]}}